{"id":176,"date":"1945-06-04T08:22:25","date_gmt":"1945-06-04T07:22:25","guid":{"rendered":"https:\/\/avada.theme-fusion.com_demos\/cafe\/?p=176"},"modified":"2020-05-28T14:32:20","modified_gmt":"2020-05-28T13:32:20","slug":"bauen-in-der-nachkriegszeit","status":"publish","type":"post","link":"https:\/\/bgsihlhalde.ch\/index.php\/1945\/06\/04\/bauen-in-der-nachkriegszeit\/","title":{"rendered":"Bauen in der Nachkriegszeit"},"content":{"rendered":"<p><div class=\"fusion-fullwidth fullwidth-box fusion-builder-row-1 nonhundred-percent-fullwidth non-hundred-percent-height-scrolling\" style=\"--awb-border-radius-top-left:0px;--awb-border-radius-top-right:0px;--awb-border-radius-bottom-right:0px;--awb-border-radius-bottom-left:0px;--awb-flex-wrap:wrap;\" ><div class=\"fusion-builder-row fusion-row\"><div class=\"fusion-layout-column fusion_builder_column fusion-builder-column-0 fusion_builder_column_1_1 1_1 fusion-one-full fusion-column-first fusion-column-last\" style=\"--awb-bg-size:cover;\"><div class=\"fusion-column-wrapper fusion-column-has-shadow fusion-flex-column-wrapper-legacy\"><div class=\"fusion-image-element fusion-image-align-center in-legacy-container\" style=\"text-align:center;--awb-caption-title-font-family:var(--h2_typography-font-family);--awb-caption-title-font-weight:var(--h2_typography-font-weight);--awb-caption-title-font-style:var(--h2_typography-font-style);--awb-caption-title-size:var(--h2_typography-font-size);--awb-caption-title-transform:var(--h2_typography-text-transform);--awb-caption-title-line-height:var(--h2_typography-line-height);--awb-caption-title-letter-spacing:var(--h2_typography-letter-spacing);\"><div class=\"imageframe-align-center\"><span class=\" fusion-imageframe imageframe-none imageframe-1 hover-type-none\"><img decoding=\"async\" width=\"2500\" height=\"1666\" title=\"Langnau a Albis\" src=\"https:\/\/bgsihlhalde.ch\/wp-content\/uploads\/2020\/05\/langnau-a-albis.jpg\" alt class=\"img-responsive wp-image-1868\" srcset=\"https:\/\/bgsihlhalde.ch\/wp-content\/uploads\/2020\/05\/langnau-a-albis-200x133.jpg 200w, https:\/\/bgsihlhalde.ch\/wp-content\/uploads\/2020\/05\/langnau-a-albis-400x267.jpg 400w, https:\/\/bgsihlhalde.ch\/wp-content\/uploads\/2020\/05\/langnau-a-albis-600x400.jpg 600w, https:\/\/bgsihlhalde.ch\/wp-content\/uploads\/2020\/05\/langnau-a-albis-800x533.jpg 800w, https:\/\/bgsihlhalde.ch\/wp-content\/uploads\/2020\/05\/langnau-a-albis-1200x800.jpg 1200w, https:\/\/bgsihlhalde.ch\/wp-content\/uploads\/2020\/05\/langnau-a-albis.jpg 2500w\" sizes=\"(max-width: 1120px) 100vw, 1200px\" \/><\/span><\/div><\/div><div class=\"fusion-clearfix\"><\/div><\/div><\/div><\/div><\/div><div class=\"fusion-fullwidth fullwidth-box fusion-builder-row-2 nonhundred-percent-fullwidth non-hundred-percent-height-scrolling\" style=\"--awb-border-radius-top-left:0px;--awb-border-radius-top-right:0px;--awb-border-radius-bottom-right:0px;--awb-border-radius-bottom-left:0px;--awb-flex-wrap:wrap;\" ><div class=\"fusion-builder-row fusion-row\"><div class=\"fusion-layout-column fusion_builder_column fusion-builder-column-1 fusion_builder_column_1_1 1_1 fusion-one-full fusion-column-first fusion-column-last\" style=\"--awb-bg-size:cover;\"><div class=\"fusion-column-wrapper fusion-column-has-shadow fusion-flex-column-wrapper-legacy\"><div class=\"fusion-text fusion-text-1\"><h6>Foto: \u00a9 Archiv Bernhard Fuchs<\/h6>\n<\/div><div class=\"fusion-sep-clear\"><\/div><div class=\"fusion-separator fusion-full-width-sep\" style=\"margin-left: auto;margin-right: auto;margin-top:40px;margin-bottom:0px;width:100%;\"><\/div><div class=\"fusion-sep-clear\"><\/div><div class=\"fusion-clearfix\"><\/div><\/div><\/div><\/div><\/div>\n<div class=\"fusion-fullwidth fullwidth-box fusion-builder-row-3 nonhundred-percent-fullwidth non-hundred-percent-height-scrolling\" style=\"--awb-border-radius-top-left:0px;--awb-border-radius-top-right:0px;--awb-border-radius-bottom-right:0px;--awb-border-radius-bottom-left:0px;--awb-flex-wrap:wrap;\" ><div class=\"fusion-builder-row fusion-row\"><div class=\"fusion-layout-column fusion_builder_column fusion-builder-column-2 fusion_builder_column_1_1 1_1 fusion-one-full fusion-column-first fusion-column-last\" style=\"--awb-bg-size:cover;\"><div class=\"fusion-column-wrapper fusion-flex-column-wrapper-legacy\"><div class=\"fusion-text fusion-text-2\"><p>Fertigstellung der 7 F\u00fcnfzimmer Einfamilienh\u00e4user an der Grundstrasse in Langnau a.A. Die Erstellungskosten beliefen sich auf CHF. 240&#8217;000.-. Planung und Bauleitung durch B.&amp;E. Gerwer Architekten, Z\u00fcrich.<\/p>\n<p>Aus n\u00fcchterner Darstellung der T\u00e4tigkeit unserer Baugenossenschaft in den sp\u00e4ten vierziger Jahren ist nicht ersichtlich, was es hiess in jener Zeit Bauten zu erstellen. Betrachten wir daher ein wenig das wirtschaftliche und politische Umfeld. Der 2. Weltkrieg wurde am 8. Mai 1945 in Europa durch die Kapitulation Deutschlands beendet. 1945 war auch das Jahr der 1. Atombombe.<\/p>\n<p>Die \u00dcberbauungen R\u00fcschlikon, Ryffertstrasse und Tiefacker\/Lebernweg in Adliswil sowie die sieben Einfamilienh\u00e4user an der vorderen Grundstrasse in Langnau a.A. wurden in den letzten Kriegsjahren gebaut. Bei diesen \u00dcberbauungen ergaben sich Probleme in Zusammenhang mit der Beschaffung der Baumaterialien; die Arbeiter, Ingenieure, Architekten und die Mitarbeiter der Baubewilligungsbeh\u00f6rden waren immer wieder im Milit\u00e4rdienst abwesend. Es darf als eine ausserordentliche Leistung der am Bau Beteiligten betrachtet werden, dass unter Aufbietung aller Kr\u00e4fte die Bauten in einem Zeitraum erstellt werden konnten, von denen wir heute oft nur tr\u00e4umen k\u00f6nnen. Denken wir nur daran, dass Eisen, Stahl und Zement rar waren. Vergessen wir nicht, dass wir Plastik und Kunststoffe noch nicht kannten.<\/p>\n<p>Die ersten Nachkriegsjahre waren gepr\u00e4gt durch die Auseinandersetzung zwischen Ost und West. Der kalte Krieg beherrschte unser politisches Leben. Eine Vielzahl unserer Mitb\u00fcrger begannen, beeinflusst durch \u00f6stliche Ideologien, das politische Heil im zentralistisch gelenkten Staat, der auch in die Wirtschaft massiv eingriff, zu sehen.<\/p>\n<p>Der Pr\u00e4sident begann den Jahresbericht mit einem einleitenden Zitat von Gottfried Keller: \u00abDemokratie beruht auf dem Glauben an das Wunder der Erziehung der Menschen. Sie erfordert die t\u00e4tige Mitwirkung aller B\u00fcrger. Ihr gr\u00f6sster Feind ist die Gleichg\u00fcltigkeit, das sich zur\u00fcckziehen des B\u00fcrgers in die Sph\u00e4re des Privaten.\u00bb Die Nachkriegsjahre pl\u00e4tscherten dahin. In der Hochkonjunktur wurden wir durch die\u00a0Verbesserung der Lebensqualit\u00e4t verw\u00f6hnter und anspruchsvoller. Was fr\u00fcher kaum erreichbar war wurde zur Selbstverst\u00e4ndlichkeit. Nur unsere Genossenschaft wurde in der Hochkonjunktur nicht reicher. Das Festhalten der Subventionsbeh\u00f6rden an \u00fcberalterten Strukturen und Vorschriften bereitete uns Sorgen. Das Geld f\u00fcr die Erhaltung der Liegenschaften fehlte. Die Einkommensvorschriften, die mit der Zeit nicht Schritt hielten, konnte nur schwer eingehalten werden. Es musste etwas gegen die drohende Verlotterung und Verslumung unserer drei Kolonien geschehen. 1978 verfielen die Subventionen in Langnau, zudem beschloss der Vorstand auch die Subventionen der anderen Siedlungen zur\u00fcck zu bezahlen und die Siedlungen zu renovieren. Dieses Vorgehen wurde von den Genossenschaftern mit grosser Mehrheit und in gemeinsamer Solidarit\u00e4t gut geheissen.<\/p>\n<p>Die nachtr\u00e4gliche Betrachtung zeigt, dass dieser Entscheid weise und vorausschauend war. Unsere Genossenschaft steht heute gefestigt da. Wir alle d\u00fcrfen stolz darauf sein, dass unsere Genossenschaft ihre Zweckbestimmung gem\u00e4ss Statuten vorbildlich erf\u00fcllt hat. \u00abDie Genossenschaft bezweckt, ihren Mitgliedern preisg\u00fcnstigen Wohnraum zu vermitteln und diesen dauernd der Spekulation zu entziehen. Die T\u00e4tigkeit der Genossenschaft ist nicht gewinnorientiert.<\/p>\n<p>Die Genossenschaft erstellt und vermietet preisg\u00fcnstige Wohnungen an ihre Mitglieder. Sie kann zu diesem Zweck unbebaute und bebaute Liegenschaften und Baurechte erwerben, belasten und ver\u00e4ussern.\u00bb<\/p>\n<p>Dass die Wohnungen immer noch zu sehr fairen Mietzinsen vermietet werden, ist der guten F\u00fchrung durch die verschiedenen Vorstandgenerationen zu verdanken.Es war f\u00fcr uns alle eine einmalige Gelegenheit, dass eine von Handwerkern gegr\u00fcndete Wohnbaugenossenschaft in voller sozialer Absicht nahtlos, von diesen in das Eigentum der Mieter \u00fcberf\u00fchrt wurde. H\u00e4tte damals eine Vielzahl von Handwerkern diese vern\u00fcnftige Gesinnung gehabt, br\u00e4uchten wir heute weit weniger Vorschriften \u00fcber Mietzinsgestaltung und K\u00fcndigung. Als Genossenschafter sind wir Miteigent\u00fcmer und Mieter zugleich.<\/p>\n<\/div><a class=\"fusion-modal-text-link\" href=\"#\">\n<div class=\"zurueck\"><a href=\"https:\/\/bgsihlhalde.ch\/index.php\/geschichte\/\">&lt; zur\u00fcck<\/a><\/div>\n<\/a><div class=\"fusion-clearfix\"><\/div><\/div><\/div><\/div><\/div><\/p>\n","protected":false},"excerpt":{"rendered":"","protected":false},"author":2,"featured_media":2069,"comment_status":"open","ping_status":"closed","sticky":false,"template":"","format":"standard","meta":{"footnotes":""},"categories":[20],"tags":[],"class_list":["post-176","post","type-post","status-publish","format-standard","has-post-thumbnail","hentry","category-geschichte"],"yoast_head":"<!-- This site is optimized with the Yoast SEO plugin v28.3 - https:\/\/yoast.com\/product\/yoast-seo-wordpress\/ -->\n<title>Bauen in der Nachkriegszeit - BG Sihlhalde<\/title>\n<meta name=\"robots\" content=\"index, follow, max-snippet:-1, max-image-preview:large, max-video-preview:-1\" \/>\n<link rel=\"canonical\" href=\"https:\/\/bgsihlhalde.ch\/index.php\/1945\/06\/04\/bauen-in-der-nachkriegszeit\/\" \/>\n<meta property=\"og:locale\" content=\"de_DE\" \/>\n<meta property=\"og:type\" content=\"article\" \/>\n<meta property=\"og:title\" content=\"Bauen in der Nachkriegszeit - BG Sihlhalde\" \/>\n<meta property=\"og:url\" content=\"https:\/\/bgsihlhalde.ch\/index.php\/1945\/06\/04\/bauen-in-der-nachkriegszeit\/\" \/>\n<meta property=\"og:site_name\" content=\"BG Sihlhalde\" \/>\n<meta property=\"article:published_time\" content=\"1945-06-04T07:22:25+00:00\" \/>\n<meta property=\"article:modified_time\" content=\"2020-05-28T13:32:20+00:00\" \/>\n<meta property=\"og:image\" content=\"https:\/\/bgsihlhalde.ch\/wp-content\/uploads\/1945\/06\/widmerstrasse1945.jpg\" \/>\n\t<meta property=\"og:image:width\" content=\"1200\" \/>\n\t<meta property=\"og:image:height\" content=\"464\" \/>\n\t<meta property=\"og:image:type\" content=\"image\/jpeg\" \/>\n<meta name=\"author\" content=\"Ditschgi Gutzwiller\" \/>\n<meta name=\"twitter:card\" content=\"summary_large_image\" \/>\n<meta name=\"twitter:label1\" content=\"Verfasst von\" \/>\n\t<meta name=\"twitter:data1\" content=\"Ditschgi Gutzwiller\" \/>\n\t<meta name=\"twitter:label2\" content=\"Gesch\u00e4tzte Lesezeit\" \/>\n\t<meta name=\"twitter:data2\" content=\"7\u00a0Minuten\" \/>\n<script type=\"application\/ld+json\" class=\"yoast-schema-graph\">{\"@context\":\"https:\\\/\\\/schema.org\",\"@graph\":[{\"@type\":\"Article\",\"@id\":\"https:\\\/\\\/bgsihlhalde.ch\\\/index.php\\\/1945\\\/06\\\/04\\\/bauen-in-der-nachkriegszeit\\\/#article\",\"isPartOf\":{\"@id\":\"https:\\\/\\\/bgsihlhalde.ch\\\/index.php\\\/1945\\\/06\\\/04\\\/bauen-in-der-nachkriegszeit\\\/\"},\"author\":{\"name\":\"Ditschgi Gutzwiller\",\"@id\":\"https:\\\/\\\/bgsihlhalde.ch\\\/#\\\/schema\\\/person\\\/a6d872b6b68f9a9590c63336ebd88c0f\"},\"headline\":\"Bauen in der Nachkriegszeit\",\"datePublished\":\"1945-06-04T07:22:25+00:00\",\"dateModified\":\"2020-05-28T13:32:20+00:00\",\"mainEntityOfPage\":{\"@id\":\"https:\\\/\\\/bgsihlhalde.ch\\\/index.php\\\/1945\\\/06\\\/04\\\/bauen-in-der-nachkriegszeit\\\/\"},\"wordCount\":1356,\"commentCount\":0,\"publisher\":{\"@id\":\"https:\\\/\\\/bgsihlhalde.ch\\\/#organization\"},\"image\":{\"@id\":\"https:\\\/\\\/bgsihlhalde.ch\\\/index.php\\\/1945\\\/06\\\/04\\\/bauen-in-der-nachkriegszeit\\\/#primaryimage\"},\"thumbnailUrl\":\"https:\\\/\\\/bgsihlhalde.ch\\\/wp-content\\\/uploads\\\/1945\\\/06\\\/widmerstrasse1945.jpg\",\"articleSection\":[\"Geschichte\"],\"inLanguage\":\"de\",\"potentialAction\":[{\"@type\":\"CommentAction\",\"name\":\"Comment\",\"target\":[\"https:\\\/\\\/bgsihlhalde.ch\\\/index.php\\\/1945\\\/06\\\/04\\\/bauen-in-der-nachkriegszeit\\\/#respond\"]}]},{\"@type\":\"WebPage\",\"@id\":\"https:\\\/\\\/bgsihlhalde.ch\\\/index.php\\\/1945\\\/06\\\/04\\\/bauen-in-der-nachkriegszeit\\\/\",\"url\":\"https:\\\/\\\/bgsihlhalde.ch\\\/index.php\\\/1945\\\/06\\\/04\\\/bauen-in-der-nachkriegszeit\\\/\",\"name\":\"Bauen in der Nachkriegszeit - BG Sihlhalde\",\"isPartOf\":{\"@id\":\"https:\\\/\\\/bgsihlhalde.ch\\\/#website\"},\"primaryImageOfPage\":{\"@id\":\"https:\\\/\\\/bgsihlhalde.ch\\\/index.php\\\/1945\\\/06\\\/04\\\/bauen-in-der-nachkriegszeit\\\/#primaryimage\"},\"image\":{\"@id\":\"https:\\\/\\\/bgsihlhalde.ch\\\/index.php\\\/1945\\\/06\\\/04\\\/bauen-in-der-nachkriegszeit\\\/#primaryimage\"},\"thumbnailUrl\":\"https:\\\/\\\/bgsihlhalde.ch\\\/wp-content\\\/uploads\\\/1945\\\/06\\\/widmerstrasse1945.jpg\",\"datePublished\":\"1945-06-04T07:22:25+00:00\",\"dateModified\":\"2020-05-28T13:32:20+00:00\",\"breadcrumb\":{\"@id\":\"https:\\\/\\\/bgsihlhalde.ch\\\/index.php\\\/1945\\\/06\\\/04\\\/bauen-in-der-nachkriegszeit\\\/#breadcrumb\"},\"inLanguage\":\"de\",\"potentialAction\":[{\"@type\":\"ReadAction\",\"target\":[\"https:\\\/\\\/bgsihlhalde.ch\\\/index.php\\\/1945\\\/06\\\/04\\\/bauen-in-der-nachkriegszeit\\\/\"]}]},{\"@type\":\"ImageObject\",\"inLanguage\":\"de\",\"@id\":\"https:\\\/\\\/bgsihlhalde.ch\\\/index.php\\\/1945\\\/06\\\/04\\\/bauen-in-der-nachkriegszeit\\\/#primaryimage\",\"url\":\"https:\\\/\\\/bgsihlhalde.ch\\\/wp-content\\\/uploads\\\/1945\\\/06\\\/widmerstrasse1945.jpg\",\"contentUrl\":\"https:\\\/\\\/bgsihlhalde.ch\\\/wp-content\\\/uploads\\\/1945\\\/06\\\/widmerstrasse1945.jpg\",\"width\":1200,\"height\":464},{\"@type\":\"BreadcrumbList\",\"@id\":\"https:\\\/\\\/bgsihlhalde.ch\\\/index.php\\\/1945\\\/06\\\/04\\\/bauen-in-der-nachkriegszeit\\\/#breadcrumb\",\"itemListElement\":[{\"@type\":\"ListItem\",\"position\":1,\"name\":\"Home\",\"item\":\"https:\\\/\\\/bgsihlhalde.ch\\\/\"},{\"@type\":\"ListItem\",\"position\":2,\"name\":\"Bauen in der Nachkriegszeit\"}]},{\"@type\":\"WebSite\",\"@id\":\"https:\\\/\\\/bgsihlhalde.ch\\\/#website\",\"url\":\"https:\\\/\\\/bgsihlhalde.ch\\\/\",\"name\":\"Baugenossenschaft Sihlhalde\",\"description\":\"Die Baugenossenschaft Sihlhalde wurde am 7. April 1943 gegr\u00fcndet\",\"publisher\":{\"@id\":\"https:\\\/\\\/bgsihlhalde.ch\\\/#organization\"},\"potentialAction\":[{\"@type\":\"SearchAction\",\"target\":{\"@type\":\"EntryPoint\",\"urlTemplate\":\"https:\\\/\\\/bgsihlhalde.ch\\\/?s={search_term_string}\"},\"query-input\":{\"@type\":\"PropertyValueSpecification\",\"valueRequired\":true,\"valueName\":\"search_term_string\"}}],\"inLanguage\":\"de\"},{\"@type\":\"Organization\",\"@id\":\"https:\\\/\\\/bgsihlhalde.ch\\\/#organization\",\"name\":\"Baugenossenschaft Sihlhalde\",\"url\":\"https:\\\/\\\/bgsihlhalde.ch\\\/\",\"logo\":{\"@type\":\"ImageObject\",\"inLanguage\":\"de\",\"@id\":\"https:\\\/\\\/bgsihlhalde.ch\\\/#\\\/schema\\\/logo\\\/image\\\/\",\"url\":\"https:\\\/\\\/bgsihlhalde.ch\\\/wp-content\\\/uploads\\\/2020\\\/03\\\/logo270.png\",\"contentUrl\":\"https:\\\/\\\/bgsihlhalde.ch\\\/wp-content\\\/uploads\\\/2020\\\/03\\\/logo270.png\",\"width\":270,\"height\":104,\"caption\":\"Baugenossenschaft Sihlhalde\"},\"image\":{\"@id\":\"https:\\\/\\\/bgsihlhalde.ch\\\/#\\\/schema\\\/logo\\\/image\\\/\"}},{\"@type\":\"Person\",\"@id\":\"https:\\\/\\\/bgsihlhalde.ch\\\/#\\\/schema\\\/person\\\/a6d872b6b68f9a9590c63336ebd88c0f\",\"name\":\"Ditschgi Gutzwiller\",\"image\":{\"@type\":\"ImageObject\",\"inLanguage\":\"de\",\"@id\":\"https:\\\/\\\/secure.gravatar.com\\\/avatar\\\/0274a7d4b78839e95267db89c2cea860000b2aaadf6ef7d526d0134ebabd48bc?s=96&d=mm&r=g\",\"url\":\"https:\\\/\\\/secure.gravatar.com\\\/avatar\\\/0274a7d4b78839e95267db89c2cea860000b2aaadf6ef7d526d0134ebabd48bc?s=96&d=mm&r=g\",\"contentUrl\":\"https:\\\/\\\/secure.gravatar.com\\\/avatar\\\/0274a7d4b78839e95267db89c2cea860000b2aaadf6ef7d526d0134ebabd48bc?s=96&d=mm&r=g\",\"caption\":\"Ditschgi Gutzwiller\"},\"url\":\"https:\\\/\\\/bgsihlhalde.ch\\\/index.php\\\/author\\\/bim_2020\\\/\"}]}<\/script>\n<!-- \/ Yoast SEO plugin. -->","yoast_head_json":{"title":"Bauen in der Nachkriegszeit - BG Sihlhalde","robots":{"index":"index","follow":"follow","max-snippet":"max-snippet:-1","max-image-preview":"max-image-preview:large","max-video-preview":"max-video-preview:-1"},"canonical":"https:\/\/bgsihlhalde.ch\/index.php\/1945\/06\/04\/bauen-in-der-nachkriegszeit\/","og_locale":"de_DE","og_type":"article","og_title":"Bauen in der Nachkriegszeit - BG Sihlhalde","og_url":"https:\/\/bgsihlhalde.ch\/index.php\/1945\/06\/04\/bauen-in-der-nachkriegszeit\/","og_site_name":"BG Sihlhalde","article_published_time":"1945-06-04T07:22:25+00:00","article_modified_time":"2020-05-28T13:32:20+00:00","og_image":[{"width":1200,"height":464,"url":"https:\/\/bgsihlhalde.ch\/wp-content\/uploads\/1945\/06\/widmerstrasse1945.jpg","type":"image\/jpeg"}],"author":"Ditschgi Gutzwiller","twitter_card":"summary_large_image","twitter_misc":{"Verfasst von":"Ditschgi Gutzwiller","Gesch\u00e4tzte Lesezeit":"7\u00a0Minuten"},"schema":{"@context":"https:\/\/schema.org","@graph":[{"@type":"Article","@id":"https:\/\/bgsihlhalde.ch\/index.php\/1945\/06\/04\/bauen-in-der-nachkriegszeit\/#article","isPartOf":{"@id":"https:\/\/bgsihlhalde.ch\/index.php\/1945\/06\/04\/bauen-in-der-nachkriegszeit\/"},"author":{"name":"Ditschgi Gutzwiller","@id":"https:\/\/bgsihlhalde.ch\/#\/schema\/person\/a6d872b6b68f9a9590c63336ebd88c0f"},"headline":"Bauen in der Nachkriegszeit","datePublished":"1945-06-04T07:22:25+00:00","dateModified":"2020-05-28T13:32:20+00:00","mainEntityOfPage":{"@id":"https:\/\/bgsihlhalde.ch\/index.php\/1945\/06\/04\/bauen-in-der-nachkriegszeit\/"},"wordCount":1356,"commentCount":0,"publisher":{"@id":"https:\/\/bgsihlhalde.ch\/#organization"},"image":{"@id":"https:\/\/bgsihlhalde.ch\/index.php\/1945\/06\/04\/bauen-in-der-nachkriegszeit\/#primaryimage"},"thumbnailUrl":"https:\/\/bgsihlhalde.ch\/wp-content\/uploads\/1945\/06\/widmerstrasse1945.jpg","articleSection":["Geschichte"],"inLanguage":"de","potentialAction":[{"@type":"CommentAction","name":"Comment","target":["https:\/\/bgsihlhalde.ch\/index.php\/1945\/06\/04\/bauen-in-der-nachkriegszeit\/#respond"]}]},{"@type":"WebPage","@id":"https:\/\/bgsihlhalde.ch\/index.php\/1945\/06\/04\/bauen-in-der-nachkriegszeit\/","url":"https:\/\/bgsihlhalde.ch\/index.php\/1945\/06\/04\/bauen-in-der-nachkriegszeit\/","name":"Bauen in der Nachkriegszeit - BG Sihlhalde","isPartOf":{"@id":"https:\/\/bgsihlhalde.ch\/#website"},"primaryImageOfPage":{"@id":"https:\/\/bgsihlhalde.ch\/index.php\/1945\/06\/04\/bauen-in-der-nachkriegszeit\/#primaryimage"},"image":{"@id":"https:\/\/bgsihlhalde.ch\/index.php\/1945\/06\/04\/bauen-in-der-nachkriegszeit\/#primaryimage"},"thumbnailUrl":"https:\/\/bgsihlhalde.ch\/wp-content\/uploads\/1945\/06\/widmerstrasse1945.jpg","datePublished":"1945-06-04T07:22:25+00:00","dateModified":"2020-05-28T13:32:20+00:00","breadcrumb":{"@id":"https:\/\/bgsihlhalde.ch\/index.php\/1945\/06\/04\/bauen-in-der-nachkriegszeit\/#breadcrumb"},"inLanguage":"de","potentialAction":[{"@type":"ReadAction","target":["https:\/\/bgsihlhalde.ch\/index.php\/1945\/06\/04\/bauen-in-der-nachkriegszeit\/"]}]},{"@type":"ImageObject","inLanguage":"de","@id":"https:\/\/bgsihlhalde.ch\/index.php\/1945\/06\/04\/bauen-in-der-nachkriegszeit\/#primaryimage","url":"https:\/\/bgsihlhalde.ch\/wp-content\/uploads\/1945\/06\/widmerstrasse1945.jpg","contentUrl":"https:\/\/bgsihlhalde.ch\/wp-content\/uploads\/1945\/06\/widmerstrasse1945.jpg","width":1200,"height":464},{"@type":"BreadcrumbList","@id":"https:\/\/bgsihlhalde.ch\/index.php\/1945\/06\/04\/bauen-in-der-nachkriegszeit\/#breadcrumb","itemListElement":[{"@type":"ListItem","position":1,"name":"Home","item":"https:\/\/bgsihlhalde.ch\/"},{"@type":"ListItem","position":2,"name":"Bauen in der Nachkriegszeit"}]},{"@type":"WebSite","@id":"https:\/\/bgsihlhalde.ch\/#website","url":"https:\/\/bgsihlhalde.ch\/","name":"Baugenossenschaft Sihlhalde","description":"Die Baugenossenschaft Sihlhalde wurde am 7. April 1943 gegr\u00fcndet","publisher":{"@id":"https:\/\/bgsihlhalde.ch\/#organization"},"potentialAction":[{"@type":"SearchAction","target":{"@type":"EntryPoint","urlTemplate":"https:\/\/bgsihlhalde.ch\/?s={search_term_string}"},"query-input":{"@type":"PropertyValueSpecification","valueRequired":true,"valueName":"search_term_string"}}],"inLanguage":"de"},{"@type":"Organization","@id":"https:\/\/bgsihlhalde.ch\/#organization","name":"Baugenossenschaft Sihlhalde","url":"https:\/\/bgsihlhalde.ch\/","logo":{"@type":"ImageObject","inLanguage":"de","@id":"https:\/\/bgsihlhalde.ch\/#\/schema\/logo\/image\/","url":"https:\/\/bgsihlhalde.ch\/wp-content\/uploads\/2020\/03\/logo270.png","contentUrl":"https:\/\/bgsihlhalde.ch\/wp-content\/uploads\/2020\/03\/logo270.png","width":270,"height":104,"caption":"Baugenossenschaft Sihlhalde"},"image":{"@id":"https:\/\/bgsihlhalde.ch\/#\/schema\/logo\/image\/"}},{"@type":"Person","@id":"https:\/\/bgsihlhalde.ch\/#\/schema\/person\/a6d872b6b68f9a9590c63336ebd88c0f","name":"Ditschgi Gutzwiller","image":{"@type":"ImageObject","inLanguage":"de","@id":"https:\/\/secure.gravatar.com\/avatar\/0274a7d4b78839e95267db89c2cea860000b2aaadf6ef7d526d0134ebabd48bc?s=96&d=mm&r=g","url":"https:\/\/secure.gravatar.com\/avatar\/0274a7d4b78839e95267db89c2cea860000b2aaadf6ef7d526d0134ebabd48bc?s=96&d=mm&r=g","contentUrl":"https:\/\/secure.gravatar.com\/avatar\/0274a7d4b78839e95267db89c2cea860000b2aaadf6ef7d526d0134ebabd48bc?s=96&d=mm&r=g","caption":"Ditschgi Gutzwiller"},"url":"https:\/\/bgsihlhalde.ch\/index.php\/author\/bim_2020\/"}]}},"_links":{"self":[{"href":"https:\/\/bgsihlhalde.ch\/index.php\/wp-json\/wp\/v2\/posts\/176","targetHints":{"allow":["GET"]}}],"collection":[{"href":"https:\/\/bgsihlhalde.ch\/index.php\/wp-json\/wp\/v2\/posts"}],"about":[{"href":"https:\/\/bgsihlhalde.ch\/index.php\/wp-json\/wp\/v2\/types\/post"}],"author":[{"embeddable":true,"href":"https:\/\/bgsihlhalde.ch\/index.php\/wp-json\/wp\/v2\/users\/2"}],"replies":[{"embeddable":true,"href":"https:\/\/bgsihlhalde.ch\/index.php\/wp-json\/wp\/v2\/comments?post=176"}],"version-history":[{"count":24,"href":"https:\/\/bgsihlhalde.ch\/index.php\/wp-json\/wp\/v2\/posts\/176\/revisions"}],"predecessor-version":[{"id":2090,"href":"https:\/\/bgsihlhalde.ch\/index.php\/wp-json\/wp\/v2\/posts\/176\/revisions\/2090"}],"wp:featuredmedia":[{"embeddable":true,"href":"https:\/\/bgsihlhalde.ch\/index.php\/wp-json\/wp\/v2\/media\/2069"}],"wp:attachment":[{"href":"https:\/\/bgsihlhalde.ch\/index.php\/wp-json\/wp\/v2\/media?parent=176"}],"wp:term":[{"taxonomy":"category","embeddable":true,"href":"https:\/\/bgsihlhalde.ch\/index.php\/wp-json\/wp\/v2\/categories?post=176"},{"taxonomy":"post_tag","embeddable":true,"href":"https:\/\/bgsihlhalde.ch\/index.php\/wp-json\/wp\/v2\/tags?post=176"}],"curies":[{"name":"wp","href":"https:\/\/api.w.org\/{rel}","templated":true}]}}