{"id":182,"date":"1944-04-04T19:24:21","date_gmt":"1944-04-04T18:24:21","guid":{"rendered":"https:\/\/avada.theme-fusion.com_demos\/cafe\/?p=182"},"modified":"2020-05-28T14:31:11","modified_gmt":"2020-05-28T13:31:11","slug":"erster-geschaeftsbericht-2","status":"publish","type":"post","link":"https:\/\/bgsihlhalde.ch\/index.php\/1944\/04\/04\/erster-geschaeftsbericht-2\/","title":{"rendered":"Erster Gesch\u00e4ftsbericht"},"content":{"rendered":"<p><div class=\"fusion-fullwidth fullwidth-box fusion-builder-row-1 nonhundred-percent-fullwidth non-hundred-percent-height-scrolling\" style=\"--awb-border-radius-top-left:0px;--awb-border-radius-top-right:0px;--awb-border-radius-bottom-right:0px;--awb-border-radius-bottom-left:0px;--awb-flex-wrap:wrap;\" ><div class=\"fusion-builder-row fusion-row\"><div class=\"fusion-layout-column fusion_builder_column fusion-builder-column-0 fusion_builder_column_1_1 1_1 fusion-one-full fusion-column-first fusion-column-last\" style=\"--awb-bg-size:cover;\"><div class=\"fusion-column-wrapper fusion-column-has-shadow fusion-flex-column-wrapper-legacy\"><div class=\"fusion-image-element fusion-image-align-center in-legacy-container\" style=\"text-align:center;--awb-caption-title-font-family:var(--h2_typography-font-family);--awb-caption-title-font-weight:var(--h2_typography-font-weight);--awb-caption-title-font-style:var(--h2_typography-font-style);--awb-caption-title-size:var(--h2_typography-font-size);--awb-caption-title-transform:var(--h2_typography-text-transform);--awb-caption-title-line-height:var(--h2_typography-line-height);--awb-caption-title-letter-spacing:var(--h2_typography-letter-spacing);\"><div class=\"imageframe-align-center\"><span class=\" fusion-imageframe imageframe-none imageframe-1 hover-type-none\"><img decoding=\"async\" width=\"2126\" height=\"1409\" title=\"Adliswil\" src=\"https:\/\/bgsihlhalde.ch\/wp-content\/uploads\/2020\/05\/Lebernweg-im-Bau.jpg\" alt class=\"img-responsive wp-image-1709\" srcset=\"https:\/\/bgsihlhalde.ch\/wp-content\/uploads\/2020\/05\/Lebernweg-im-Bau-200x133.jpg 200w, https:\/\/bgsihlhalde.ch\/wp-content\/uploads\/2020\/05\/Lebernweg-im-Bau-400x265.jpg 400w, https:\/\/bgsihlhalde.ch\/wp-content\/uploads\/2020\/05\/Lebernweg-im-Bau-600x398.jpg 600w, https:\/\/bgsihlhalde.ch\/wp-content\/uploads\/2020\/05\/Lebernweg-im-Bau-800x530.jpg 800w, https:\/\/bgsihlhalde.ch\/wp-content\/uploads\/2020\/05\/Lebernweg-im-Bau-1200x795.jpg 1200w, https:\/\/bgsihlhalde.ch\/wp-content\/uploads\/2020\/05\/Lebernweg-im-Bau.jpg 2126w\" sizes=\"(max-width: 1120px) 100vw, 1200px\" \/><\/span><\/div><\/div><div class=\"fusion-clearfix\"><\/div><\/div><\/div><\/div><\/div><div class=\"fusion-fullwidth fullwidth-box fusion-builder-row-2 nonhundred-percent-fullwidth non-hundred-percent-height-scrolling\" style=\"--awb-border-radius-top-left:0px;--awb-border-radius-top-right:0px;--awb-border-radius-bottom-right:0px;--awb-border-radius-bottom-left:0px;--awb-flex-wrap:wrap;\" ><div class=\"fusion-builder-row fusion-row\"><div class=\"fusion-layout-column fusion_builder_column fusion-builder-column-1 fusion_builder_column_1_1 1_1 fusion-one-full fusion-column-first fusion-column-last\" style=\"--awb-bg-size:cover;\"><div class=\"fusion-column-wrapper fusion-column-has-shadow fusion-flex-column-wrapper-legacy\"><div class=\"fusion-text fusion-text-1\"><h6>Foto: \u00a9 Archiv Erich Huber, Adliswil<\/h6>\n<\/div><div class=\"fusion-sep-clear\"><\/div><div class=\"fusion-separator fusion-full-width-sep\" style=\"margin-left: auto;margin-right: auto;margin-top:40px;margin-bottom:0px;width:100%;\"><\/div><div class=\"fusion-sep-clear\"><\/div><div class=\"fusion-clearfix\"><\/div><\/div><\/div><\/div><\/div>\n<div class=\"fusion-fullwidth fullwidth-box fusion-builder-row-3 nonhundred-percent-fullwidth non-hundred-percent-height-scrolling\" style=\"--awb-border-radius-top-left:0px;--awb-border-radius-top-right:0px;--awb-border-radius-bottom-right:0px;--awb-border-radius-bottom-left:0px;--awb-flex-wrap:wrap;\" ><div class=\"fusion-builder-row fusion-row\"><div class=\"fusion-layout-column fusion_builder_column fusion-builder-column-2 fusion_builder_column_1_1 1_1 fusion-one-full fusion-column-first fusion-column-last\" style=\"--awb-bg-size:cover;\"><div class=\"fusion-column-wrapper fusion-flex-column-wrapper-legacy\"><div class=\"fusion-text fusion-text-2\"><h4>Bericht \u00fcber das Gesch\u00e4ftsjahr 1944<\/h4>\n<p>Das Jahr 1944 war das eigentliche Baujahr der Genossenschaft. An vier verschiedenen Orten wurden Bauvorhaben durchgef\u00fchrt, die gr\u00f6sstenteils auch im gleichen Jahr vollendet wurden. Einzig das Projekt f\u00fcr sieben Einfamilienh\u00e4user an der Feldimoosstrasse in R\u00fcschlikon gelangte wegen der uns unverst\u00e4ndlichen, z\u00f6gernden Einstellung der dortigen Gemeindebeh\u00f6rden nicht zur Ausf\u00fchrung. S\u00e4mtliche Voraussetzungen f\u00fcr die erfolgreiche Durchf\u00fchrung dieser Siedlung waren vorhanden. Die Pl\u00e4ne waren fertiggestellt, die Finanzierung gel\u00f6st und auf unsere Inserate erhielten wir zahlreiche interessierte Anfragen. 20 ernsthafte Interessenten, die als K\u00e4ufer f\u00fcr diese H\u00e4user in Frage kamen, haben uns immer wieder gefragt: wann endlich kann mit dem Bezug der H\u00e4user gerechnet werden. Trotz unserer mehrfachen, energischen Vorstellungen, hat uns die Gemeindebeh\u00f6rde in R\u00fcschlikon immer wieder mit der Begr\u00fcndung vertr\u00f6stet, dass der Bebauungsplan f\u00fcr dieses Gebiet noch nicht fertiggestellt sei. Es w\u00e4re wirklich w\u00fcnschenswert, wenn die Bewilligungder mit Subventionen zu erstellenden Bauten nicht ausschliesslich von den einzelnen Gemeinden abh\u00e4ngen w\u00fcrde. Leider gibt der Bund und der Kanton nur Beitr\u00e4ge, sofern die Gemeinde ihrerseits einen Betrag zusichert. Ist die Gemeinde an subventionierten Bauten uninteressiert, so unterbleibt jede F\u00f6rderung zur Behebung der Wohnungsnot.<\/p>\n<p>Weit zufriedenstellender entwickelte sich das Bauvorhaben der drei Einfamilienh\u00e4user an der Tiefackerstrasse in Adliswil, die mit einem Monat Versp\u00e4tung am 1. September bzw. 1. Oktober 1944 bezugsbereit waren. Hier, wie auch bei den \u00fcbrigen Bauten, hat unser Herr Gemeindepr\u00e4sident Huber von Adliswil in verdankenswerter Weise mitgeholfen, die Schwierigkeiten &#8211; und es waren derer nicht wenig \u2013 die sich der Verwirklichung dieses Projektes in den Weg stellten, zu \u00fcberbr\u00fccken. Am 23. November 1944 besichtigte dann eine Delegation des Gemeinderates zusammen mit einem Vertreter der Regierung, die zweckm\u00e4ssigen, architektonisch einwandfrei und ansprechend gel\u00f6sten Bauten.Die Baukosten Tiefackerstrasse kamen gem\u00e4ss Kostenvoranschlag auf CHF 510&#8217;000.\u2013 zu stehen. Pl\u00e4ne und Bauleitung machten die Architekten B. &amp; E. Gerwer in Z\u00fcrich.<\/p>\n<p>Weniger programmgem\u00e4ss verlief die Bauerei der 3 Einfamilienh\u00e4user an der Ryffertstrasse in Adliswil. Diese, ohne Subventionen erstellten 5 Zimmer-Einfamilienh\u00e4user h\u00e4tten am 1. Oktober 1944 bezugsbereit sein sollen. Der erste Mieter konnte dann erst Mitte November einziehen. Die Verz\u00f6gerung in der Fertigstellung dieser H\u00e4user wurde durch verschiedene Umst\u00e4nde bedingt. Einmal konnten die daran beteiligten Handwerker die angesetzten Fristen nicht einhalten. Andererseits waren die im gegebenen Moment ben\u00f6tigten Materialien nicht erh\u00e4ltlich. Die Baukosten dieser drei H\u00e4user sind mit CHF 150&#8217;000.\u2013 veranschlagt. Architekten B. &amp; E. Gerwer.<\/p>\n<p>Die im November 1943 begonnene Bauten an der alten Landstrasse in R\u00fcschlikon wurden im Juli 1944 fertiggestellt. Das komfortabel eingerichtete Mehrfamilienhaus war bis Ende Jahr voll vermietet und wirft inkl. Garagen eine Bruttorendite von 6,34% ab. Die Baukosten beliefen sich auf CHF 280&#8217;000.\u2013. Pl\u00e4ne und Bauleitung B. &amp; E. Gerwer.<\/p>\n<p>Erfreulich entwickelte sich das Bauvorhaben f\u00fcr die sieben Einfamilienh\u00e4user an der vorderen Grundstrasse in Langnau a.A.. Ende Juni 1944 wurde mit dem Aushub der ersten drei H\u00e4user begonnen. Die Aufrichte dieser drei H\u00e4user anfangs September 1944 war getragen von einer zielbewussten Zusammenarbeit zwischen Gemeindebeh\u00f6rde, Unternehmer und Bauherrn. Infolge der Schlechtwetterperiode und Mangel an Arbeitskr\u00e4ften bei den Unternehmern war es nicht m\u00f6glich, die H\u00e4user auf den vorgesehenen Termin per Ende September den Mietern zu \u00fcbergeben. Der Baubeginn f\u00fcr die 2. Etappe von vier H\u00e4usern fiel auf den 30. Oktober 1944. Diese H\u00e4user sollten auf Fr\u00fchjahr 1945 fertiggestellt sein. Die Baukosten der sieben 5 Zimmer-Einfamilienh\u00e4user sind mit CHF 240&#8217;000.\u2013 veranschlagt. Ausf\u00fchrende Architekten: B. &amp; E. Gerwer in Z\u00fcrich.<\/p>\n<p>Drei andere Bauvorhaben in Pf\u00e4ffikon Z\u00fcrich, R\u00fcschlikon und Z\u00fcrich konnten aus verschiedenen Gr\u00fcnden nicht realisiert werden.<\/p>\n<\/div><div class=\"fusion-text fusion-text-3\"><h4>T\u00e4tigkeit der Gesch\u00e4ftsleitung Vorstand pro 1944<\/h4>\n<\/div><div class=\"fusion-sep-clear\"><\/div><div class=\"fusion-separator fusion-full-width-sep\" style=\"margin-left: auto;margin-right: auto;margin-bottom:20px;width:100%;\"><\/div><div class=\"fusion-sep-clear\"><\/div>\n<div class=\"table-2\">\n<table width=\"100%\">\n<tbody>\n<tr>\n<td align=\"left\">Pr\u00e4sident<\/td>\n<td align=\"left\">Hermann Bender, Z\u00fcrich<\/td>\n<\/tr>\n<tr>\n<td align=\"left\">Aktuar<\/td>\n<td align=\"left\">Max Fischer, R\u00fcschlikon<\/td>\n<\/tr>\n<tr>\n<td align=\"left\">Kassier<\/td>\n<td align=\"left\">Eugen Gerwer, Z\u00fcrich<\/td>\n<\/tr>\n<tr>\n<td align=\"left\">Kontrollstelle<\/td>\n<td align=\"left\">Hch. Winkler, Adliswil<\/td>\n<\/tr>\n<tr>\n<td align=\"left\"><\/td>\n<td align=\"left\">Walter Sch\u00e4rer, R\u00fcschlikon<\/td>\n<\/tr>\n<tr>\n<td align=\"left\">Vertretung der Regierung<\/td>\n<td align=\"left\">H. Huber, Gemeindepr\u00e4sident, Adliswil<\/td>\n<\/tr>\n<\/tbody>\n<\/table>\n<\/div>\n<div class=\"fusion-sep-clear\"><\/div><div class=\"fusion-separator fusion-full-width-sep\" style=\"margin-left: auto;margin-right: auto;margin-bottom:20px;width:100%;\"><\/div><div class=\"fusion-sep-clear\"><\/div><div class=\"fusion-text fusion-text-4\"><h4>Mitgliederzahl pro Ende 1944<\/h4>\n<\/div><div class=\"fusion-sep-clear\"><\/div><div class=\"fusion-separator fusion-full-width-sep\" style=\"margin-left: auto;margin-right: auto;margin-bottom:20px;width:100%;\"><\/div><div class=\"fusion-sep-clear\"><\/div><div class=\"fusion-text fusion-text-5\"><p>Der Vorstand hielt im Jahre 1944 33 Vollsitzungen ab. Hinzu kommen 4 ausserordentliche Versammlungen, sowie unz\u00e4hlige Verhandlungen mit Beh\u00f6rden, Architekten, Unternehmern, Mietern, Bauinteressenten und leider auch Rechtsanw\u00e4lten. Alle damit verbundenen Arbeiten, inbegriffen der umfangreiche, z.T. auch unerfreuliche Korrespondenz wurde nebenamtlich vom Vorstand erledigt. Wir begn\u00fcgen uns mit diesem summarischen Bericht, weil wir wissen, dass nur diejenigen, die selbst schon mit der Bauerei zu tun hatten, im Bilde sind, wie viel produktive und auch unproduktive Arbeit geleistet werden muss, bis ein Haus bezugsbereit ist.<\/p>\n<\/div><div class=\"fusion-text fusion-text-6\"><h4>Finanzielles<\/h4>\n<\/div><div class=\"fusion-sep-clear\"><\/div><div class=\"fusion-separator fusion-full-width-sep\" style=\"margin-left: auto;margin-right: auto;margin-bottom:20px;width:100%;\"><\/div><div class=\"fusion-sep-clear\"><\/div><div class=\"fusion-text fusion-text-7\"><p>Der anfangs Jahr mit dem Budget veranschlagte Verlustsaldo (inkl. Verlustsaldo des Vorjahres) von Fr. 4&#8217;500.- stimmt mit der effektiven Jahresrechnung bis auf einige Franken \u00fcberein. Das ist ein Zeichen, dass mit den anvertrauten Geldern richtig disponiert wurde. Es wird gem\u00e4ss Budget f\u00fcr das Jahr 1945 m\u00f6glich sein, diesen Verlust im kommenden Jahr (1945) auszugleichen. Voraussichtlich kann erst im Jahre 1946 mit einer Verzinsung der Anteilscheine gerechnet werden. Es w\u00e4re in diesem Zusammenhang w\u00fcnschenswert, wenn die Genossenschafter durch vermehrte Zeichnung von Anteilscheinen dazu beitragen w\u00fcrden, die Genossenschaft finanziell zu st\u00e4rken. Dabei hat es die Meinung, dass der dadurch verf\u00fcgbare Betrag zur sofortigen Anschaffung von Heizmaterial f\u00fcr den kommenden Winter verwendet w\u00fcrde. Es sei hierzu noch bemerkt, dass andere Baugenossenschaften, wie z. B. die Genossenschaft Albis, von Ihren Mietern die Zeichnung von einem Anteilschein in der H\u00f6he von Fr. 1&#8217;000.- verlangen, w\u00e4hrend dem unsere Mitglieder nur einen Anteilschein von Fr. 100.- \u00fcbernehmen mussten.<\/p>\n<\/div><div class=\"fusion-text fusion-text-8\"><h4>Schlusswort<\/h4>\n<\/div><div class=\"fusion-sep-clear\"><\/div><div class=\"fusion-separator fusion-full-width-sep\" style=\"margin-left: auto;margin-right: auto;margin-bottom:20px;width:100%;\"><\/div><div class=\"fusion-sep-clear\"><\/div><div class=\"fusion-text fusion-text-9\"><p>\u00dcberblicken wir das Gesch\u00e4ftsjahr 1944, so stellen wir fest, dass unsere relativ kleine Baugenossenschaft f\u00fcr ca. Fr. 1&#8217;200&#8217;000.&#8211; gebaut hat. F\u00fcr diese ansehnliche Summe wurde Arbeit und Verdienst geschaffen. Als Produkt entstanden zweckm\u00e4ssige, gesunde und neuzeitliche Wohnungen, die mithalfen, der Wohnungsnot entgegen zu steuern. Die Voraussetzungen f\u00fcr eine normale Bauerei waren im Berichtsjahr allerdings nicht gerade g\u00fcnstig. Es waren Schwierigkeiten zu \u00fcberwinden, die nicht vorausgesehen werden konnten. Ferner verz\u00f6gerten die zahlreichen Milit\u00e4rdiensteinberufungen bei den Unternehmern die Bautermine. Alle diese Schwierigkeiten waren kriegsbedingt. Doch d\u00fcrfen wir zufrieden sein, dass es in unseren, vom Krieg verschonten Lande m\u00f6glich war, \u00fcberhaupt gesunde und menschenw\u00fcrdige Wohngelegenheiten zu schaffen. Und vergessen wir auch nicht, dass die Unannehmlichkeiten, die wir in Kauf nehmen mussten, verglichen mit den Verh\u00e4ltnissen der kriegsf\u00fchrenden L\u00e4nder sehr klein und unerheblich erscheinen.<\/p>\n<p>Z\u00fcrich, den 28. April 1945<br \/>\nDer Pr\u00e4sident: H. Bender<\/p>\n<\/div><div class=\"fusion-sep-clear\"><\/div><div class=\"fusion-separator fusion-full-width-sep\" style=\"margin-left: auto;margin-right: auto;margin-bottom:20px;width:100%;\"><\/div><div class=\"fusion-sep-clear\"><\/div><a class=\"fusion-modal-text-link\" href=\"#\">\n<div class=\"zurueck\"><a href=\"https:\/\/bgsihlhalde.ch\/index.php\/geschichte\/\">&lt; zur\u00fcck<\/a><\/div>\n<\/a><div class=\"fusion-clearfix\"><\/div><\/div><\/div><\/div><\/div><\/p>\n","protected":false},"excerpt":{"rendered":"","protected":false},"author":2,"featured_media":2042,"comment_status":"open","ping_status":"closed","sticky":false,"template":"","format":"standard","meta":{"footnotes":""},"categories":[20],"tags":[],"class_list":["post-182","post","type-post","status-publish","format-standard","has-post-thumbnail","hentry","category-geschichte"],"yoast_head":"<!-- This site is optimized with the Yoast SEO plugin v28.3 - https:\/\/yoast.com\/product\/yoast-seo-wordpress\/ -->\n<title>Erster Gesch\u00e4ftsbericht - BG Sihlhalde<\/title>\n<meta name=\"robots\" content=\"index, follow, max-snippet:-1, max-image-preview:large, max-video-preview:-1\" \/>\n<link rel=\"canonical\" href=\"https:\/\/bgsihlhalde.ch\/index.php\/1944\/04\/04\/erster-geschaeftsbericht-2\/\" \/>\n<meta property=\"og:locale\" content=\"de_DE\" \/>\n<meta property=\"og:type\" content=\"article\" \/>\n<meta property=\"og:title\" content=\"Erster Gesch\u00e4ftsbericht - BG Sihlhalde\" \/>\n<meta property=\"og:url\" content=\"https:\/\/bgsihlhalde.ch\/index.php\/1944\/04\/04\/erster-geschaeftsbericht-2\/\" \/>\n<meta property=\"og:site_name\" content=\"BG Sihlhalde\" \/>\n<meta property=\"article:published_time\" content=\"1944-04-04T18:24:21+00:00\" \/>\n<meta property=\"article:modified_time\" content=\"2020-05-28T13:31:11+00:00\" \/>\n<meta property=\"og:image\" content=\"https:\/\/bgsihlhalde.ch\/wp-content\/uploads\/2020\/05\/lebernweg1944.jpg\" \/>\n\t<meta property=\"og:image:width\" content=\"1200\" \/>\n\t<meta property=\"og:image:height\" content=\"464\" \/>\n\t<meta property=\"og:image:type\" content=\"image\/jpeg\" \/>\n<meta name=\"author\" content=\"Ditschgi Gutzwiller\" \/>\n<meta name=\"twitter:card\" content=\"summary_large_image\" \/>\n<meta name=\"twitter:label1\" content=\"Verfasst von\" \/>\n\t<meta name=\"twitter:data1\" content=\"Ditschgi Gutzwiller\" \/>\n\t<meta name=\"twitter:label2\" content=\"Gesch\u00e4tzte Lesezeit\" \/>\n\t<meta name=\"twitter:data2\" content=\"11\u00a0Minuten\" \/>\n<script type=\"application\/ld+json\" class=\"yoast-schema-graph\">{\"@context\":\"https:\\\/\\\/schema.org\",\"@graph\":[{\"@type\":\"Article\",\"@id\":\"https:\\\/\\\/bgsihlhalde.ch\\\/index.php\\\/1944\\\/04\\\/04\\\/erster-geschaeftsbericht-2\\\/#article\",\"isPartOf\":{\"@id\":\"https:\\\/\\\/bgsihlhalde.ch\\\/index.php\\\/1944\\\/04\\\/04\\\/erster-geschaeftsbericht-2\\\/\"},\"author\":{\"name\":\"Ditschgi Gutzwiller\",\"@id\":\"https:\\\/\\\/bgsihlhalde.ch\\\/#\\\/schema\\\/person\\\/a6d872b6b68f9a9590c63336ebd88c0f\"},\"headline\":\"Erster Gesch\u00e4ftsbericht\",\"datePublished\":\"1944-04-04T18:24:21+00:00\",\"dateModified\":\"2020-05-28T13:31:11+00:00\",\"mainEntityOfPage\":{\"@id\":\"https:\\\/\\\/bgsihlhalde.ch\\\/index.php\\\/1944\\\/04\\\/04\\\/erster-geschaeftsbericht-2\\\/\"},\"wordCount\":2260,\"commentCount\":0,\"publisher\":{\"@id\":\"https:\\\/\\\/bgsihlhalde.ch\\\/#organization\"},\"image\":{\"@id\":\"https:\\\/\\\/bgsihlhalde.ch\\\/index.php\\\/1944\\\/04\\\/04\\\/erster-geschaeftsbericht-2\\\/#primaryimage\"},\"thumbnailUrl\":\"https:\\\/\\\/bgsihlhalde.ch\\\/wp-content\\\/uploads\\\/2020\\\/05\\\/lebernweg1944.jpg\",\"articleSection\":[\"Geschichte\"],\"inLanguage\":\"de\",\"potentialAction\":[{\"@type\":\"CommentAction\",\"name\":\"Comment\",\"target\":[\"https:\\\/\\\/bgsihlhalde.ch\\\/index.php\\\/1944\\\/04\\\/04\\\/erster-geschaeftsbericht-2\\\/#respond\"]}]},{\"@type\":\"WebPage\",\"@id\":\"https:\\\/\\\/bgsihlhalde.ch\\\/index.php\\\/1944\\\/04\\\/04\\\/erster-geschaeftsbericht-2\\\/\",\"url\":\"https:\\\/\\\/bgsihlhalde.ch\\\/index.php\\\/1944\\\/04\\\/04\\\/erster-geschaeftsbericht-2\\\/\",\"name\":\"Erster Gesch\u00e4ftsbericht - BG Sihlhalde\",\"isPartOf\":{\"@id\":\"https:\\\/\\\/bgsihlhalde.ch\\\/#website\"},\"primaryImageOfPage\":{\"@id\":\"https:\\\/\\\/bgsihlhalde.ch\\\/index.php\\\/1944\\\/04\\\/04\\\/erster-geschaeftsbericht-2\\\/#primaryimage\"},\"image\":{\"@id\":\"https:\\\/\\\/bgsihlhalde.ch\\\/index.php\\\/1944\\\/04\\\/04\\\/erster-geschaeftsbericht-2\\\/#primaryimage\"},\"thumbnailUrl\":\"https:\\\/\\\/bgsihlhalde.ch\\\/wp-content\\\/uploads\\\/2020\\\/05\\\/lebernweg1944.jpg\",\"datePublished\":\"1944-04-04T18:24:21+00:00\",\"dateModified\":\"2020-05-28T13:31:11+00:00\",\"breadcrumb\":{\"@id\":\"https:\\\/\\\/bgsihlhalde.ch\\\/index.php\\\/1944\\\/04\\\/04\\\/erster-geschaeftsbericht-2\\\/#breadcrumb\"},\"inLanguage\":\"de\",\"potentialAction\":[{\"@type\":\"ReadAction\",\"target\":[\"https:\\\/\\\/bgsihlhalde.ch\\\/index.php\\\/1944\\\/04\\\/04\\\/erster-geschaeftsbericht-2\\\/\"]}]},{\"@type\":\"ImageObject\",\"inLanguage\":\"de\",\"@id\":\"https:\\\/\\\/bgsihlhalde.ch\\\/index.php\\\/1944\\\/04\\\/04\\\/erster-geschaeftsbericht-2\\\/#primaryimage\",\"url\":\"https:\\\/\\\/bgsihlhalde.ch\\\/wp-content\\\/uploads\\\/2020\\\/05\\\/lebernweg1944.jpg\",\"contentUrl\":\"https:\\\/\\\/bgsihlhalde.ch\\\/wp-content\\\/uploads\\\/2020\\\/05\\\/lebernweg1944.jpg\",\"width\":1200,\"height\":464},{\"@type\":\"BreadcrumbList\",\"@id\":\"https:\\\/\\\/bgsihlhalde.ch\\\/index.php\\\/1944\\\/04\\\/04\\\/erster-geschaeftsbericht-2\\\/#breadcrumb\",\"itemListElement\":[{\"@type\":\"ListItem\",\"position\":1,\"name\":\"Home\",\"item\":\"https:\\\/\\\/bgsihlhalde.ch\\\/\"},{\"@type\":\"ListItem\",\"position\":2,\"name\":\"Erster Gesch\u00e4ftsbericht\"}]},{\"@type\":\"WebSite\",\"@id\":\"https:\\\/\\\/bgsihlhalde.ch\\\/#website\",\"url\":\"https:\\\/\\\/bgsihlhalde.ch\\\/\",\"name\":\"Baugenossenschaft Sihlhalde\",\"description\":\"Die Baugenossenschaft Sihlhalde wurde am 7. April 1943 gegr\u00fcndet\",\"publisher\":{\"@id\":\"https:\\\/\\\/bgsihlhalde.ch\\\/#organization\"},\"potentialAction\":[{\"@type\":\"SearchAction\",\"target\":{\"@type\":\"EntryPoint\",\"urlTemplate\":\"https:\\\/\\\/bgsihlhalde.ch\\\/?s={search_term_string}\"},\"query-input\":{\"@type\":\"PropertyValueSpecification\",\"valueRequired\":true,\"valueName\":\"search_term_string\"}}],\"inLanguage\":\"de\"},{\"@type\":\"Organization\",\"@id\":\"https:\\\/\\\/bgsihlhalde.ch\\\/#organization\",\"name\":\"Baugenossenschaft Sihlhalde\",\"url\":\"https:\\\/\\\/bgsihlhalde.ch\\\/\",\"logo\":{\"@type\":\"ImageObject\",\"inLanguage\":\"de\",\"@id\":\"https:\\\/\\\/bgsihlhalde.ch\\\/#\\\/schema\\\/logo\\\/image\\\/\",\"url\":\"https:\\\/\\\/bgsihlhalde.ch\\\/wp-content\\\/uploads\\\/2020\\\/03\\\/logo270.png\",\"contentUrl\":\"https:\\\/\\\/bgsihlhalde.ch\\\/wp-content\\\/uploads\\\/2020\\\/03\\\/logo270.png\",\"width\":270,\"height\":104,\"caption\":\"Baugenossenschaft Sihlhalde\"},\"image\":{\"@id\":\"https:\\\/\\\/bgsihlhalde.ch\\\/#\\\/schema\\\/logo\\\/image\\\/\"}},{\"@type\":\"Person\",\"@id\":\"https:\\\/\\\/bgsihlhalde.ch\\\/#\\\/schema\\\/person\\\/a6d872b6b68f9a9590c63336ebd88c0f\",\"name\":\"Ditschgi Gutzwiller\",\"image\":{\"@type\":\"ImageObject\",\"inLanguage\":\"de\",\"@id\":\"https:\\\/\\\/secure.gravatar.com\\\/avatar\\\/0274a7d4b78839e95267db89c2cea860000b2aaadf6ef7d526d0134ebabd48bc?s=96&d=mm&r=g\",\"url\":\"https:\\\/\\\/secure.gravatar.com\\\/avatar\\\/0274a7d4b78839e95267db89c2cea860000b2aaadf6ef7d526d0134ebabd48bc?s=96&d=mm&r=g\",\"contentUrl\":\"https:\\\/\\\/secure.gravatar.com\\\/avatar\\\/0274a7d4b78839e95267db89c2cea860000b2aaadf6ef7d526d0134ebabd48bc?s=96&d=mm&r=g\",\"caption\":\"Ditschgi Gutzwiller\"},\"url\":\"https:\\\/\\\/bgsihlhalde.ch\\\/index.php\\\/author\\\/bim_2020\\\/\"}]}<\/script>\n<!-- \/ Yoast SEO plugin. -->","yoast_head_json":{"title":"Erster Gesch\u00e4ftsbericht - BG Sihlhalde","robots":{"index":"index","follow":"follow","max-snippet":"max-snippet:-1","max-image-preview":"max-image-preview:large","max-video-preview":"max-video-preview:-1"},"canonical":"https:\/\/bgsihlhalde.ch\/index.php\/1944\/04\/04\/erster-geschaeftsbericht-2\/","og_locale":"de_DE","og_type":"article","og_title":"Erster Gesch\u00e4ftsbericht - BG Sihlhalde","og_url":"https:\/\/bgsihlhalde.ch\/index.php\/1944\/04\/04\/erster-geschaeftsbericht-2\/","og_site_name":"BG Sihlhalde","article_published_time":"1944-04-04T18:24:21+00:00","article_modified_time":"2020-05-28T13:31:11+00:00","og_image":[{"width":1200,"height":464,"url":"https:\/\/bgsihlhalde.ch\/wp-content\/uploads\/2020\/05\/lebernweg1944.jpg","type":"image\/jpeg"}],"author":"Ditschgi Gutzwiller","twitter_card":"summary_large_image","twitter_misc":{"Verfasst von":"Ditschgi Gutzwiller","Gesch\u00e4tzte Lesezeit":"11\u00a0Minuten"},"schema":{"@context":"https:\/\/schema.org","@graph":[{"@type":"Article","@id":"https:\/\/bgsihlhalde.ch\/index.php\/1944\/04\/04\/erster-geschaeftsbericht-2\/#article","isPartOf":{"@id":"https:\/\/bgsihlhalde.ch\/index.php\/1944\/04\/04\/erster-geschaeftsbericht-2\/"},"author":{"name":"Ditschgi Gutzwiller","@id":"https:\/\/bgsihlhalde.ch\/#\/schema\/person\/a6d872b6b68f9a9590c63336ebd88c0f"},"headline":"Erster Gesch\u00e4ftsbericht","datePublished":"1944-04-04T18:24:21+00:00","dateModified":"2020-05-28T13:31:11+00:00","mainEntityOfPage":{"@id":"https:\/\/bgsihlhalde.ch\/index.php\/1944\/04\/04\/erster-geschaeftsbericht-2\/"},"wordCount":2260,"commentCount":0,"publisher":{"@id":"https:\/\/bgsihlhalde.ch\/#organization"},"image":{"@id":"https:\/\/bgsihlhalde.ch\/index.php\/1944\/04\/04\/erster-geschaeftsbericht-2\/#primaryimage"},"thumbnailUrl":"https:\/\/bgsihlhalde.ch\/wp-content\/uploads\/2020\/05\/lebernweg1944.jpg","articleSection":["Geschichte"],"inLanguage":"de","potentialAction":[{"@type":"CommentAction","name":"Comment","target":["https:\/\/bgsihlhalde.ch\/index.php\/1944\/04\/04\/erster-geschaeftsbericht-2\/#respond"]}]},{"@type":"WebPage","@id":"https:\/\/bgsihlhalde.ch\/index.php\/1944\/04\/04\/erster-geschaeftsbericht-2\/","url":"https:\/\/bgsihlhalde.ch\/index.php\/1944\/04\/04\/erster-geschaeftsbericht-2\/","name":"Erster Gesch\u00e4ftsbericht - BG Sihlhalde","isPartOf":{"@id":"https:\/\/bgsihlhalde.ch\/#website"},"primaryImageOfPage":{"@id":"https:\/\/bgsihlhalde.ch\/index.php\/1944\/04\/04\/erster-geschaeftsbericht-2\/#primaryimage"},"image":{"@id":"https:\/\/bgsihlhalde.ch\/index.php\/1944\/04\/04\/erster-geschaeftsbericht-2\/#primaryimage"},"thumbnailUrl":"https:\/\/bgsihlhalde.ch\/wp-content\/uploads\/2020\/05\/lebernweg1944.jpg","datePublished":"1944-04-04T18:24:21+00:00","dateModified":"2020-05-28T13:31:11+00:00","breadcrumb":{"@id":"https:\/\/bgsihlhalde.ch\/index.php\/1944\/04\/04\/erster-geschaeftsbericht-2\/#breadcrumb"},"inLanguage":"de","potentialAction":[{"@type":"ReadAction","target":["https:\/\/bgsihlhalde.ch\/index.php\/1944\/04\/04\/erster-geschaeftsbericht-2\/"]}]},{"@type":"ImageObject","inLanguage":"de","@id":"https:\/\/bgsihlhalde.ch\/index.php\/1944\/04\/04\/erster-geschaeftsbericht-2\/#primaryimage","url":"https:\/\/bgsihlhalde.ch\/wp-content\/uploads\/2020\/05\/lebernweg1944.jpg","contentUrl":"https:\/\/bgsihlhalde.ch\/wp-content\/uploads\/2020\/05\/lebernweg1944.jpg","width":1200,"height":464},{"@type":"BreadcrumbList","@id":"https:\/\/bgsihlhalde.ch\/index.php\/1944\/04\/04\/erster-geschaeftsbericht-2\/#breadcrumb","itemListElement":[{"@type":"ListItem","position":1,"name":"Home","item":"https:\/\/bgsihlhalde.ch\/"},{"@type":"ListItem","position":2,"name":"Erster Gesch\u00e4ftsbericht"}]},{"@type":"WebSite","@id":"https:\/\/bgsihlhalde.ch\/#website","url":"https:\/\/bgsihlhalde.ch\/","name":"Baugenossenschaft Sihlhalde","description":"Die Baugenossenschaft Sihlhalde wurde am 7. April 1943 gegr\u00fcndet","publisher":{"@id":"https:\/\/bgsihlhalde.ch\/#organization"},"potentialAction":[{"@type":"SearchAction","target":{"@type":"EntryPoint","urlTemplate":"https:\/\/bgsihlhalde.ch\/?s={search_term_string}"},"query-input":{"@type":"PropertyValueSpecification","valueRequired":true,"valueName":"search_term_string"}}],"inLanguage":"de"},{"@type":"Organization","@id":"https:\/\/bgsihlhalde.ch\/#organization","name":"Baugenossenschaft Sihlhalde","url":"https:\/\/bgsihlhalde.ch\/","logo":{"@type":"ImageObject","inLanguage":"de","@id":"https:\/\/bgsihlhalde.ch\/#\/schema\/logo\/image\/","url":"https:\/\/bgsihlhalde.ch\/wp-content\/uploads\/2020\/03\/logo270.png","contentUrl":"https:\/\/bgsihlhalde.ch\/wp-content\/uploads\/2020\/03\/logo270.png","width":270,"height":104,"caption":"Baugenossenschaft Sihlhalde"},"image":{"@id":"https:\/\/bgsihlhalde.ch\/#\/schema\/logo\/image\/"}},{"@type":"Person","@id":"https:\/\/bgsihlhalde.ch\/#\/schema\/person\/a6d872b6b68f9a9590c63336ebd88c0f","name":"Ditschgi Gutzwiller","image":{"@type":"ImageObject","inLanguage":"de","@id":"https:\/\/secure.gravatar.com\/avatar\/0274a7d4b78839e95267db89c2cea860000b2aaadf6ef7d526d0134ebabd48bc?s=96&d=mm&r=g","url":"https:\/\/secure.gravatar.com\/avatar\/0274a7d4b78839e95267db89c2cea860000b2aaadf6ef7d526d0134ebabd48bc?s=96&d=mm&r=g","contentUrl":"https:\/\/secure.gravatar.com\/avatar\/0274a7d4b78839e95267db89c2cea860000b2aaadf6ef7d526d0134ebabd48bc?s=96&d=mm&r=g","caption":"Ditschgi Gutzwiller"},"url":"https:\/\/bgsihlhalde.ch\/index.php\/author\/bim_2020\/"}]}},"_links":{"self":[{"href":"https:\/\/bgsihlhalde.ch\/index.php\/wp-json\/wp\/v2\/posts\/182","targetHints":{"allow":["GET"]}}],"collection":[{"href":"https:\/\/bgsihlhalde.ch\/index.php\/wp-json\/wp\/v2\/posts"}],"about":[{"href":"https:\/\/bgsihlhalde.ch\/index.php\/wp-json\/wp\/v2\/types\/post"}],"author":[{"embeddable":true,"href":"https:\/\/bgsihlhalde.ch\/index.php\/wp-json\/wp\/v2\/users\/2"}],"replies":[{"embeddable":true,"href":"https:\/\/bgsihlhalde.ch\/index.php\/wp-json\/wp\/v2\/comments?post=182"}],"version-history":[{"count":20,"href":"https:\/\/bgsihlhalde.ch\/index.php\/wp-json\/wp\/v2\/posts\/182\/revisions"}],"predecessor-version":[{"id":2086,"href":"https:\/\/bgsihlhalde.ch\/index.php\/wp-json\/wp\/v2\/posts\/182\/revisions\/2086"}],"wp:featuredmedia":[{"embeddable":true,"href":"https:\/\/bgsihlhalde.ch\/index.php\/wp-json\/wp\/v2\/media\/2042"}],"wp:attachment":[{"href":"https:\/\/bgsihlhalde.ch\/index.php\/wp-json\/wp\/v2\/media?parent=182"}],"wp:term":[{"taxonomy":"category","embeddable":true,"href":"https:\/\/bgsihlhalde.ch\/index.php\/wp-json\/wp\/v2\/categories?post=182"},{"taxonomy":"post_tag","embeddable":true,"href":"https:\/\/bgsihlhalde.ch\/index.php\/wp-json\/wp\/v2\/tags?post=182"}],"curies":[{"name":"wp","href":"https:\/\/api.w.org\/{rel}","templated":true}]}}